{"id":63,"date":"2017-05-03T11:15:49","date_gmt":"2017-05-03T11:15:49","guid":{"rendered":"http:\/\/kg-bundesbank.gdpbundespolizeikoblenz.de\/?p=63"},"modified":"2017-05-06T13:17:21","modified_gmt":"2017-05-06T11:17:21","slug":"gdp-bezirksvorstandsteam-wieder-komplett","status":"publish","type":"post","link":"https:\/\/kg-bundesbank.gdpbundespolizeikoblenz.de\/?p=63","title":{"rendered":"GdP-Bezirksvorstandsteam wieder komplett"},"content":{"rendered":"<div id=\"attachment_12886\" class=\"wp-caption alignleft\" style=\"width: 132px;\">\n<p><a href=\"http:\/\/www.gdpbundespolizei.de\/wp-content\/uploads\/2017\/05\/Erika-Krause-Sch\u00f6ne_01_web.jpg\"><img loading=\"lazy\" decoding=\"async\" class=\"wp-image-12886\" src=\"http:\/\/gdpbundespolizeikoblenz.de\/wp-content\/uploads\/2017\/05\/Erika-Krause-Sch\u00f6ne_01_web.jpg\" alt=\"\" width=\"122\" height=\"183\" \/><\/a><\/p>\n<p class=\"wp-caption-text\">Neue Stellvertretende Bezirksvorsitzende: Erika Krause-Sch\u00f6ne<\/p>\n<\/div>\n<p>Die Delegierten aus allen Bereichen der Bundespolizei, des Zolls und der BAG kamen am 2. Mai in K\u00f6ln zum Au\u00dferordentlichen Delegiertentag zusammen, um die Nachwahlen zum gesch\u00e4ftsf\u00fchrenden Bezirksvorstand (GBV) durchzuf\u00fchren.<\/p>\n<p>Anfang des Jahres war der bisherige stellvertretende Bezirksvorsitzende Karlfred \u201eCharly\u201c Hofgesang in den Ruhestand getreten und hatte in der Folge auch seine gewerkschaftlichen \u00c4mter zur Verf\u00fcgung gestellt.<\/p>\n<p>Zur neuen stellvertretenden Vorsitzenden wurde Erika Krause-Sch\u00f6ne (50) gew\u00e4hlt, die dem GBV bereits seit 2014 als weiteres Mitglied angeh\u00f6rte. Erika ist bereits seit vielen Jahren in mehreren gewerkschaftlichen und personalr\u00e4tlichen Funktionen aktiv: zum Beispiel als stellvertretende Vorsitzende des Bundespolizei-Hauptpersonalrates oder als Vorsitzende der Frauengruppe der GdP Bundespolizei.<\/p>\n<p>Ihren Dienst versieht sie als Dienstgruppenleiterin in Rostock.<\/p>\n<p>Auf die dadurch freiwerdende Position als weiteres Mitglied w\u00e4hlten die Delegierten Roland Voss (49). Roland kann ebenfalls bereits auf jahrelange gewerkschaftliche und personalr\u00e4tliche Erfahrungen zur\u00fcck blicken.<\/p>\n<div id=\"attachment_12888\" class=\"wp-caption alignleft\" style=\"width: 140px;\">\n<p><a href=\"http:\/\/www.gdpbundespolizei.de\/wp-content\/uploads\/2017\/05\/Foto_Roland_Voss_web.jpg\"><img loading=\"lazy\" decoding=\"async\" class=\"wp-image-12888\" src=\"http:\/\/gdpbundespolizeikoblenz.de\/wp-content\/uploads\/2017\/05\/Foto_Roland_Voss_web.jpg\" alt=\"\" width=\"130\" height=\"167\" \/><\/a><\/p>\n<p class=\"wp-caption-text\">Neues Mitglied im Bezirksvorstand: Roland Voss<\/p>\n<\/div>\n<p>So ist er beispielsweise langj\u00e4hriger Vorsitzender der GdP-Direktionsgruppe Koblenz und Mitglied im Bundespolizei-Hauptpersonalrat.<\/p>\n<p>Seine dienstliche Heimat ist die BPOLI Bexbach, die zur BPOLD Koblenz geh\u00f6rt.<\/p>\n<p>Wir gratulieren Erika &amp; Roland herzlich zu ihrer Wahl und w\u00fcnschen ihnen f\u00fcr die neuen Aufgaben viel Kraft &amp; Erfolg!<\/p>\n<p><a class=\"a2a_dd addtoany_share_save\" href=\"https:\/\/www.addtoany.com\/share#url=http%3A%2F%2Fwww.gdpbundespolizei.de%2F2017%2F05%2Fgdp-bezirksvorstandsteam-wieder-komplett%2F&amp;title=GdP-Bezirksvorstandsteam%20wieder%20komplett\">&#8230;<\/a><br \/>\nSource: RSS aus GdP Bundespolizei<\/p>\n","protected":false},"excerpt":{"rendered":"<p>Neue Stellvertretende Bezirksvorsitzende: Erika Krause-Sch\u00f6ne Die Delegierten aus allen Bereichen der Bundespolizei, des Zolls und der BAG kamen am 2. Mai in K\u00f6ln zum Au\u00dferordentlichen Delegiertentag zusammen, um die Nachwahlen zum gesch\u00e4ftsf\u00fchrenden Bezirksvorstand (GBV) durchzuf\u00fchren. Anfang des Jahres war der <a class=\"more-link\" href=\"https:\/\/kg-bundesbank.gdpbundespolizeikoblenz.de\/?p=63\">Continue Reading<span class=\"screen-reader-text\">GdP-Bezirksvorstandsteam wieder komplett<\/span><span class=\"meta-nav\">&rarr;<\/span><\/a><\/p>\n","protected":false},"author":1,"featured_media":309,"comment_status":"closed","ping_status":"open","sticky":false,"template":"","format":"standard","meta":{"footnotes":""},"categories":[11],"tags":[106],"class_list":["post-63","post","type-post","status-publish","format-standard","has-post-thumbnail","hentry","category-aus-dem-gdp-bezirk-bundespolizei","tag-roland-voss"],"_links":{"self":[{"href":"https:\/\/kg-bundesbank.gdpbundespolizeikoblenz.de\/index.php?rest_route=\/wp\/v2\/posts\/63","targetHints":{"allow":["GET"]}}],"collection":[{"href":"https:\/\/kg-bundesbank.gdpbundespolizeikoblenz.de\/index.php?rest_route=\/wp\/v2\/posts"}],"about":[{"href":"https:\/\/kg-bundesbank.gdpbundespolizeikoblenz.de\/index.php?rest_route=\/wp\/v2\/types\/post"}],"author":[{"embeddable":true,"href":"https:\/\/kg-bundesbank.gdpbundespolizeikoblenz.de\/index.php?rest_route=\/wp\/v2\/users\/1"}],"replies":[{"embeddable":true,"href":"https:\/\/kg-bundesbank.gdpbundespolizeikoblenz.de\/index.php?rest_route=%2Fwp%2Fv2%2Fcomments&post=63"}],"version-history":[{"count":1,"href":"https:\/\/kg-bundesbank.gdpbundespolizeikoblenz.de\/index.php?rest_route=\/wp\/v2\/posts\/63\/revisions"}],"predecessor-version":[{"id":64,"href":"https:\/\/kg-bundesbank.gdpbundespolizeikoblenz.de\/index.php?rest_route=\/wp\/v2\/posts\/63\/revisions\/64"}],"wp:featuredmedia":[{"embeddable":true,"href":"https:\/\/kg-bundesbank.gdpbundespolizeikoblenz.de\/index.php?rest_route=\/wp\/v2\/media\/309"}],"wp:attachment":[{"href":"https:\/\/kg-bundesbank.gdpbundespolizeikoblenz.de\/index.php?rest_route=%2Fwp%2Fv2%2Fmedia&parent=63"}],"wp:term":[{"taxonomy":"category","embeddable":true,"href":"https:\/\/kg-bundesbank.gdpbundespolizeikoblenz.de\/index.php?rest_route=%2Fwp%2Fv2%2Fcategories&post=63"},{"taxonomy":"post_tag","embeddable":true,"href":"https:\/\/kg-bundesbank.gdpbundespolizeikoblenz.de\/index.php?rest_route=%2Fwp%2Fv2%2Ftags&post=63"}],"curies":[{"name":"wp","href":"https:\/\/api.w.org\/{rel}","templated":true}]}}