{"id":2726,"date":"2022-08-29T14:39:55","date_gmt":"2022-08-29T12:39:55","guid":{"rendered":"https:\/\/kg-bundesbank.gdpbundespolizeikoblenz.de\/?p=2726"},"modified":"2022-08-31T06:49:47","modified_gmt":"2022-08-31T04:49:47","slug":"politische-aktivitaeten-der-gdp-auf-europaeischer-ebene-gdp-vize-schilff-besucht-das-bruesseler-gdp-buero","status":"publish","type":"post","link":"https:\/\/kg-bundesbank.gdpbundespolizeikoblenz.de\/?p=2726","title":{"rendered":"Politische Aktivit\u00e4ten der GdP auf europ\u00e4ischer Ebene  &#8212; GdP-Vize Schilff besucht das Br\u00fcsseler GdP-B\u00fcro  &#8212;"},"content":{"rendered":"<p>Im Rahmen eines zweit\u00e4gigen gewerkschaftspolitischen Aufenthalts in Br\u00fcssel konnte der im Gesch\u00e4ftsf\u00fchrenden Bundesvorstand (GBV) f\u00fcr Internationales zust\u00e4ndige stellvertretende Bundesvorsitzende Dietmar Schilff, in Begleitung des zust\u00e4ndigen Abteilungsleiters der Bundesgesch\u00e4ftsstelle Jeldrik Grups, Anfang August 2022 die politischen Aktivit\u00e4ten der Gewerkschaft der Polizei (GdP) auf europ\u00e4ischer Ebene im Herzen der europ\u00e4ischen Hauptstadt Br\u00fcssel endlich wieder in Pr\u00e4senz pflegen.&#013;<br \/>\n<a href=\"https:\/\/www.gdp.de\/gdp\/gdp.nsf\/ID\/1B0090BE3D5B752FC12588AD00458A87?Open\" target=\"_blank\" rel=\"noopener\">Politische Aktivit\u00e4ten der GdP auf europ\u00e4ischer Ebene  &#8212; GdP-Vize Schilff besucht das Br\u00fcsseler GdP-B\u00fcro  &#8212;<\/a>&#013;<br \/>\nPolitische Aktivit\u00e4ten der GdP auf europ\u00e4ischer Ebene  &#8212; GdP-Vize Schilff besucht das Br\u00fcsseler GdP-B\u00fcro  &#8211;&#013;<br \/>\nRSS von GdP Bundespolizei&#013;<\/p>\n","protected":false},"excerpt":{"rendered":"<p>Im Rahmen eines zweit\u00e4gigen gewerkschaftspolitischen Aufenthalts in Br\u00fcssel konnte der im Gesch\u00e4ftsf\u00fchrenden Bundesvorstand (GBV) f\u00fcr Internationales zust\u00e4ndige stellvertretende Bundesvorsitzende Dietmar Schilff, in Begleitung des zust\u00e4ndigen Abteilungsleiters der Bundesgesch\u00e4ftsstelle Jeldrik Grups, Anfang August 2022 die politischen Aktivit\u00e4ten der Gewerkschaft der Polizei <a class=\"more-link\" href=\"https:\/\/kg-bundesbank.gdpbundespolizeikoblenz.de\/?p=2726\">Continue Reading<span class=\"screen-reader-text\">Politische Aktivit\u00e4ten der GdP auf europ\u00e4ischer Ebene  &#8212; GdP-Vize Schilff besucht das Br\u00fcsseler GdP-B\u00fcro  &#8212;<\/span><span class=\"meta-nav\">&rarr;<\/span><\/a><\/p>\n","protected":false},"author":0,"featured_media":0,"comment_status":"false","ping_status":"open","sticky":false,"template":"","format":"standard","meta":{"footnotes":""},"categories":[30],"tags":[64],"class_list":["post-2726","post","type-post","status-publish","format-standard","hentry","category-homepage","tag-1-mai"],"_links":{"self":[{"href":"https:\/\/kg-bundesbank.gdpbundespolizeikoblenz.de\/index.php?rest_route=\/wp\/v2\/posts\/2726","targetHints":{"allow":["GET"]}}],"collection":[{"href":"https:\/\/kg-bundesbank.gdpbundespolizeikoblenz.de\/index.php?rest_route=\/wp\/v2\/posts"}],"about":[{"href":"https:\/\/kg-bundesbank.gdpbundespolizeikoblenz.de\/index.php?rest_route=\/wp\/v2\/types\/post"}],"replies":[{"embeddable":true,"href":"https:\/\/kg-bundesbank.gdpbundespolizeikoblenz.de\/index.php?rest_route=%2Fwp%2Fv2%2Fcomments&post=2726"}],"version-history":[{"count":1,"href":"https:\/\/kg-bundesbank.gdpbundespolizeikoblenz.de\/index.php?rest_route=\/wp\/v2\/posts\/2726\/revisions"}],"predecessor-version":[{"id":2727,"href":"https:\/\/kg-bundesbank.gdpbundespolizeikoblenz.de\/index.php?rest_route=\/wp\/v2\/posts\/2726\/revisions\/2727"}],"wp:attachment":[{"href":"https:\/\/kg-bundesbank.gdpbundespolizeikoblenz.de\/index.php?rest_route=%2Fwp%2Fv2%2Fmedia&parent=2726"}],"wp:term":[{"taxonomy":"category","embeddable":true,"href":"https:\/\/kg-bundesbank.gdpbundespolizeikoblenz.de\/index.php?rest_route=%2Fwp%2Fv2%2Fcategories&post=2726"},{"taxonomy":"post_tag","embeddable":true,"href":"https:\/\/kg-bundesbank.gdpbundespolizeikoblenz.de\/index.php?rest_route=%2Fwp%2Fv2%2Ftags&post=2726"}],"curies":[{"name":"wp","href":"https:\/\/api.w.org\/{rel}","templated":true}]}}