{"id":2320,"date":"2020-06-08T16:15:56","date_gmt":"2020-06-08T14:15:56","guid":{"rendered":"https:\/\/kg-bundesbank.gdpbundespolizeikoblenz.de\/?p=2320"},"modified":"2020-06-08T20:28:52","modified_gmt":"2020-06-08T18:28:52","slug":"gdp-zu-vermeintlich-latentem-rassismus-bei-sicherheitskraeften-hueber-die-polizei-braucht-keine-verbalen-backpfeifen-von-frau-esken","status":"publish","type":"post","link":"https:\/\/kg-bundesbank.gdpbundespolizeikoblenz.de\/?p=2320","title":{"rendered":"GdP zu vermeintlich latentem Rassismus bei Sicherheitskr\u00e4ften &#8212; H\u00fcber: &#8222;Die Polizei braucht keine verbalen Backpfeifen von Frau Esken&#8220; &#8212;"},"content":{"rendered":"<p>Nach \u00c4u\u00dferungen von SPD-Chefin Saskia Esken zu vermeintlich vorhandenem latentem Rassismus bei deutschen Sicherheitskr\u00e4ften bezieht die Gewerkschaft der Polizei (GdP) \u2013 Bezirk Bundespolizei klar Stellung gegen diese ihrer Meinung nach haltlosen Vorw\u00fcrfe.&#013;<br \/>\n<a href=\"https:\/\/www.gdp.de\/gdp\/gdpbupo.nsf\/ID\/91951668B87C15C3C1258581004E5618?Open\" target=\"_blank\" rel=\"noopener noreferrer\">GdP zu vermeintlich latentem Rassismus bei Sicherheitskr\u00e4ften &#8212; H\u00fcber: \u201eDie Polizei braucht keine verbalen Backpfeifen von Frau Esken\u201c &#8212;<\/a>&#013;<br \/>\nGdP zu vermeintlich latentem Rassismus bei Sicherheitskr\u00e4ften &#8212; H\u00fcber: \u201eDie Polizei braucht keine verbalen Backpfeifen von Frau Esken\u201c &#8211;&#013;<br \/>\nRSS von GdP Bundespolizei&#013;<\/p>\n","protected":false},"excerpt":{"rendered":"<p>Nach \u00c4u\u00dferungen von SPD-Chefin Saskia Esken zu vermeintlich vorhandenem latentem Rassismus bei deutschen Sicherheitskr\u00e4ften bezieht die Gewerkschaft der Polizei (GdP) \u2013 Bezirk Bundespolizei klar Stellung gegen diese ihrer Meinung nach haltlosen Vorw\u00fcrfe.&#013; GdP zu vermeintlich latentem Rassismus bei Sicherheitskr\u00e4ften &#8212; <a class=\"more-link\" href=\"https:\/\/kg-bundesbank.gdpbundespolizeikoblenz.de\/?p=2320\">Continue Reading<span class=\"screen-reader-text\">GdP zu vermeintlich latentem Rassismus bei Sicherheitskr\u00e4ften &#8212; H\u00fcber: &#8222;Die Polizei braucht keine verbalen Backpfeifen von Frau Esken&#8220; &#8212;<\/span><span class=\"meta-nav\">&rarr;<\/span><\/a><\/p>\n","protected":false},"author":0,"featured_media":0,"comment_status":"false","ping_status":"open","sticky":false,"template":"","format":"standard","meta":{"footnotes":""},"categories":[8],"tags":[64],"class_list":["post-2320","post","type-post","status-publish","format-standard","hentry","category-aktuell","tag-1-mai"],"_links":{"self":[{"href":"https:\/\/kg-bundesbank.gdpbundespolizeikoblenz.de\/index.php?rest_route=\/wp\/v2\/posts\/2320","targetHints":{"allow":["GET"]}}],"collection":[{"href":"https:\/\/kg-bundesbank.gdpbundespolizeikoblenz.de\/index.php?rest_route=\/wp\/v2\/posts"}],"about":[{"href":"https:\/\/kg-bundesbank.gdpbundespolizeikoblenz.de\/index.php?rest_route=\/wp\/v2\/types\/post"}],"replies":[{"embeddable":true,"href":"https:\/\/kg-bundesbank.gdpbundespolizeikoblenz.de\/index.php?rest_route=%2Fwp%2Fv2%2Fcomments&post=2320"}],"version-history":[{"count":1,"href":"https:\/\/kg-bundesbank.gdpbundespolizeikoblenz.de\/index.php?rest_route=\/wp\/v2\/posts\/2320\/revisions"}],"predecessor-version":[{"id":2321,"href":"https:\/\/kg-bundesbank.gdpbundespolizeikoblenz.de\/index.php?rest_route=\/wp\/v2\/posts\/2320\/revisions\/2321"}],"wp:attachment":[{"href":"https:\/\/kg-bundesbank.gdpbundespolizeikoblenz.de\/index.php?rest_route=%2Fwp%2Fv2%2Fmedia&parent=2320"}],"wp:term":[{"taxonomy":"category","embeddable":true,"href":"https:\/\/kg-bundesbank.gdpbundespolizeikoblenz.de\/index.php?rest_route=%2Fwp%2Fv2%2Fcategories&post=2320"},{"taxonomy":"post_tag","embeddable":true,"href":"https:\/\/kg-bundesbank.gdpbundespolizeikoblenz.de\/index.php?rest_route=%2Fwp%2Fv2%2Ftags&post=2320"}],"curies":[{"name":"wp","href":"https:\/\/api.w.org\/{rel}","templated":true}]}}