{"id":2316,"date":"2020-06-04T10:47:52","date_gmt":"2020-06-04T08:47:52","guid":{"rendered":"https:\/\/kg-bundesbank.gdpbundespolizeikoblenz.de\/?p=2316"},"modified":"2020-06-06T06:37:08","modified_gmt":"2020-06-06T04:37:08","slug":"wir-machen-berufspolitik-klarer-gdp-erfolg-fuer-personenbegleiter-luft-personenschuetzer-und-spezialeinheiten","status":"publish","type":"post","link":"https:\/\/kg-bundesbank.gdpbundespolizeikoblenz.de\/?p=2316","title":{"rendered":"WIR machen Berufspolitik &#8212; Klarer GdP-Erfolg f\u00fcr Personenbegleiter Luft, Personensch\u00fctzer und Spezialeinheiten &#8212;"},"content":{"rendered":"<p>F\u00fcr Personenbegleiter Luft, Personensch\u00fctzer und Spezialeinheiten soll es auch zuk\u00fcnftig die M\u00f6glichkeit geben, bei dienstlichen Fl\u00fcgen von unter vier Stunden Dauer in der Business-Class zu fliegen. Das hat die GdP nach Gespr\u00e4chen mit der Leitungsebene des BMI und im Anh\u00f6rungsverfahren der Bundesregierung durchgesetzt.&#013;<br \/>\n<a href=\"https:\/\/www.gdp.de\/gdp\/gdpbupo.nsf\/ID\/D3C6308D36A45B74C125857D00304CEC?Open\" target=\"_blank\" rel=\"noopener noreferrer\">WIR machen Berufspolitik &#8212; Klarer GdP-Erfolg f\u00fcr Personenbegleiter Luft, Personensch\u00fctzer und Spezialeinheiten &#8212;<\/a>&#013;<br \/>\nWIR machen Berufspolitik &#8212; Klarer GdP-Erfolg f\u00fcr Personenbegleiter Luft, Personensch\u00fctzer und Spezialeinheiten &#8211;&#013;<br \/>\nRSS von GdP Bundespolizei&#013;<\/p>\n","protected":false},"excerpt":{"rendered":"<p>F\u00fcr Personenbegleiter Luft, Personensch\u00fctzer und Spezialeinheiten soll es auch zuk\u00fcnftig die M\u00f6glichkeit geben, bei dienstlichen Fl\u00fcgen von unter vier Stunden Dauer in der Business-Class zu fliegen. Das hat die GdP nach Gespr\u00e4chen mit der Leitungsebene des BMI und im Anh\u00f6rungsverfahren <a class=\"more-link\" href=\"https:\/\/kg-bundesbank.gdpbundespolizeikoblenz.de\/?p=2316\">Continue Reading<span class=\"screen-reader-text\">WIR machen Berufspolitik &#8212; Klarer GdP-Erfolg f\u00fcr Personenbegleiter Luft, Personensch\u00fctzer und Spezialeinheiten &#8212;<\/span><span class=\"meta-nav\">&rarr;<\/span><\/a><\/p>\n","protected":false},"author":0,"featured_media":0,"comment_status":"false","ping_status":"open","sticky":false,"template":"","format":"standard","meta":{"footnotes":""},"categories":[8],"tags":[64],"class_list":["post-2316","post","type-post","status-publish","format-standard","hentry","category-aktuell","tag-1-mai"],"_links":{"self":[{"href":"https:\/\/kg-bundesbank.gdpbundespolizeikoblenz.de\/index.php?rest_route=\/wp\/v2\/posts\/2316","targetHints":{"allow":["GET"]}}],"collection":[{"href":"https:\/\/kg-bundesbank.gdpbundespolizeikoblenz.de\/index.php?rest_route=\/wp\/v2\/posts"}],"about":[{"href":"https:\/\/kg-bundesbank.gdpbundespolizeikoblenz.de\/index.php?rest_route=\/wp\/v2\/types\/post"}],"replies":[{"embeddable":true,"href":"https:\/\/kg-bundesbank.gdpbundespolizeikoblenz.de\/index.php?rest_route=%2Fwp%2Fv2%2Fcomments&post=2316"}],"version-history":[{"count":1,"href":"https:\/\/kg-bundesbank.gdpbundespolizeikoblenz.de\/index.php?rest_route=\/wp\/v2\/posts\/2316\/revisions"}],"predecessor-version":[{"id":2317,"href":"https:\/\/kg-bundesbank.gdpbundespolizeikoblenz.de\/index.php?rest_route=\/wp\/v2\/posts\/2316\/revisions\/2317"}],"wp:attachment":[{"href":"https:\/\/kg-bundesbank.gdpbundespolizeikoblenz.de\/index.php?rest_route=%2Fwp%2Fv2%2Fmedia&parent=2316"}],"wp:term":[{"taxonomy":"category","embeddable":true,"href":"https:\/\/kg-bundesbank.gdpbundespolizeikoblenz.de\/index.php?rest_route=%2Fwp%2Fv2%2Fcategories&post=2316"},{"taxonomy":"post_tag","embeddable":true,"href":"https:\/\/kg-bundesbank.gdpbundespolizeikoblenz.de\/index.php?rest_route=%2Fwp%2Fv2%2Ftags&post=2316"}],"curies":[{"name":"wp","href":"https:\/\/api.w.org\/{rel}","templated":true}]}}