{"id":1880,"date":"2018-05-09T09:51:46","date_gmt":"2018-05-09T07:51:46","guid":{"rendered":"http:\/\/kg-bundesbank.gdpbundespolizeikoblenz.de\/?p=1880"},"modified":"2018-05-19T12:59:05","modified_gmt":"2018-05-19T10:59:05","slug":"radek-anker-zentren-nicht-mit-uns","status":"publish","type":"post","link":"https:\/\/kg-bundesbank.gdpbundespolizeikoblenz.de\/?p=1880","title":{"rendered":"Radek: \u201eAnKER-Zentren? Nicht mit uns!\u201c"},"content":{"rendered":"<p><em>Gastkommentar von J\u00f6rg Radek, Vorsitzender des GdP-Bezirks Bundespolizei, in der Mittelbayerischen Zeitung vom 8. Mai 2018:<\/em><\/p>\n<p>In den geplanten \u201eAnKER\u201c-Zentren sollen Ankunft, Entscheidung, Verteilung auf die Kommunen oder R\u00fcckf\u00fchrung stattfinden und dadurch (so das Versprechen des Bundesinnenministers) die Asylverfahren beschleunigt werden. Mit der Betreibung soll die Bundespolizei betraut werden \u2013 f\u00fcr mich rechtlich bedenklich und nicht verfassungskonform.<\/p>\n<p>Den W\u00e4hlern wurde eine verst\u00e4rkte Pr\u00e4senz der Polizei versprochen. Die in den letzten Jahren beschlossenen zus\u00e4tzlichen Stellen sind f\u00fcr die enormen L\u00fccken im Streifendienst vorgesehen. Die entsprechenden Polizisten sind derzeit in Ausbildung und noch nicht im Regeldienst angekommen. Wer also will, dass die Bundespolizei derartige Lager betreibt, muss folglich daf\u00fcr Personal aus polizeilichen Kernaufgaben, wie dem Grenzschutz oder den Bahnh\u00f6fen abziehen. Es ist absurd, die Bundespolizei seit 2015 aufgrund einer Ministerentscheidung auf das volle grenzpolizeiliche Handeln verzichtet, nun aber die Folgen dessen aufl\u00f6sen soll.<\/p>\n<p>Au\u00dferdem ist der\u00a0Vollzug von Haft zum Zwecke der Abschiebung ist keine Polizeiaufgabe. In den Lagern finden keine Strafverfolgungs- oder Gefahrenabwehrma\u00dfnahmen nach dem Polizeirecht statt. Eine Internierung zum Zwecke der Durchf\u00fchrung des Verwaltungsverfahrens ist zudem verfassungsrechtlich fraglich.\u00a0Bei manchen Herkunftsstaaten sind 60 bis 70 % der Klagen gegen die \u201eschlechten Bleibeprognosen\u201c des BAMF erfolgreich. Ohne Zweifel k\u00f6nnte \u00fcber eine \u201eObhutnahme\u201c von Gef\u00e4hrdern oder Personen, die wiederholt schwere Straftaten begangen haben, nachgedacht werden. Das aber ist mit dem generalisierenden Anspruch der Lager nicht beabsichtigt.<\/p>\n<p>Die Menschen in den Lagern sollen nicht an das Leben in Deutschland ankn\u00fcpfen k\u00f6nnen. In den bereits heute bestehenden \u201eTransitzentren\u201c durften z. B.\u00a0 Kinder trotz bestehender Schulpflicht erst nach gerichtlicher Anordnung am Unterricht teilnehmen. Lager, die Neuank\u00f6mmlinge mit Abzuschiebenden zusammensperren, bergen daher ein hohes Aggressionspotential. Aus pr\u00e4ventiv-polizeilichen Gr\u00fcnden k\u00f6nnen solche Lager nur abgelehnt werden.<\/p>\n<p>Die\u00a0im Grundgesetz verankerten Freiheitsrechte eigenen sich nicht als Experimentierfeld! Als Berufsvertretung f\u00fcr Polizisten, deren Aufgabe es ist, Recht durchzusetzen, erteilen wir allen Vorschl\u00e4gen, die fundamentale verfassungsrechtliche Fragen aufwerfen, eine klare Absage.<\/p>\n<p>Hier geht es zum <a href=\"https:\/\/www.mittelbayerische.de\/politik-nachrichten\/rechtlich-bedenkliche-asylzentren-21771-art1646337.html\" target=\"_blank\" rel=\"noopener\">Artikel in der Mittelbayerischen Zeitung<\/a>.<\/p>\n<p><a class=\"a2a_dd addtoany_share_save addtoany_share\" href=\"https:\/\/www.addtoany.com\/share#url=http%3A%2F%2Fwww.gdpbundespolizei.de%2F2018%2F05%2Fradek-anker-zentren-nicht-mit-uns%2F&amp;title=Radek%3A%20%E2%80%9EAnKER-Zentren%3F%20Nicht%20mit%20uns%21%E2%80%9C\"><img decoding=\"async\" src=\"http:\/\/gdpbundespolizeikoblenz.de\/wp-content\/uploads\/2018\/05\/favicon-5.png\" alt=\"Share\" \/><\/a><\/p>\n<p>Source: RSS aus GdP Bundespolizei<\/p>\n","protected":false},"excerpt":{"rendered":"<p>Gastkommentar von J\u00f6rg Radek, Vorsitzender des GdP-Bezirks Bundespolizei, in der Mittelbayerischen Zeitung vom 8. Mai 2018: In den geplanten \u201eAnKER\u201c-Zentren sollen Ankunft, Entscheidung, Verteilung auf die Kommunen oder R\u00fcckf\u00fchrung stattfinden und dadurch (so das Versprechen des Bundesinnenministers) die Asylverfahren beschleunigt <a class=\"more-link\" href=\"https:\/\/kg-bundesbank.gdpbundespolizeikoblenz.de\/?p=1880\">Continue Reading<span class=\"screen-reader-text\">Radek: \u201eAnKER-Zentren? Nicht mit uns!\u201c<\/span><span class=\"meta-nav\">&rarr;<\/span><\/a><\/p>\n","protected":false},"author":1,"featured_media":0,"comment_status":"closed","ping_status":"open","sticky":false,"template":"","format":"standard","meta":{"footnotes":""},"categories":[9],"tags":[],"class_list":["post-1880","post","type-post","status-publish","format-standard","hentry","category-allgemein"],"_links":{"self":[{"href":"https:\/\/kg-bundesbank.gdpbundespolizeikoblenz.de\/index.php?rest_route=\/wp\/v2\/posts\/1880","targetHints":{"allow":["GET"]}}],"collection":[{"href":"https:\/\/kg-bundesbank.gdpbundespolizeikoblenz.de\/index.php?rest_route=\/wp\/v2\/posts"}],"about":[{"href":"https:\/\/kg-bundesbank.gdpbundespolizeikoblenz.de\/index.php?rest_route=\/wp\/v2\/types\/post"}],"author":[{"embeddable":true,"href":"https:\/\/kg-bundesbank.gdpbundespolizeikoblenz.de\/index.php?rest_route=\/wp\/v2\/users\/1"}],"replies":[{"embeddable":true,"href":"https:\/\/kg-bundesbank.gdpbundespolizeikoblenz.de\/index.php?rest_route=%2Fwp%2Fv2%2Fcomments&post=1880"}],"version-history":[{"count":1,"href":"https:\/\/kg-bundesbank.gdpbundespolizeikoblenz.de\/index.php?rest_route=\/wp\/v2\/posts\/1880\/revisions"}],"predecessor-version":[{"id":1881,"href":"https:\/\/kg-bundesbank.gdpbundespolizeikoblenz.de\/index.php?rest_route=\/wp\/v2\/posts\/1880\/revisions\/1881"}],"wp:attachment":[{"href":"https:\/\/kg-bundesbank.gdpbundespolizeikoblenz.de\/index.php?rest_route=%2Fwp%2Fv2%2Fmedia&parent=1880"}],"wp:term":[{"taxonomy":"category","embeddable":true,"href":"https:\/\/kg-bundesbank.gdpbundespolizeikoblenz.de\/index.php?rest_route=%2Fwp%2Fv2%2Fcategories&post=1880"},{"taxonomy":"post_tag","embeddable":true,"href":"https:\/\/kg-bundesbank.gdpbundespolizeikoblenz.de\/index.php?rest_route=%2Fwp%2Fv2%2Ftags&post=1880"}],"curies":[{"name":"wp","href":"https:\/\/api.w.org\/{rel}","templated":true}]}}