{"id":1878,"date":"2018-05-15T09:59:19","date_gmt":"2018-05-15T07:59:19","guid":{"rendered":"http:\/\/kg-bundesbank.gdpbundespolizeikoblenz.de\/?p=1878"},"modified":"2018-05-19T12:58:01","modified_gmt":"2018-05-19T10:58:01","slug":"gdp-fordert-von-minister-seehofer-ein-sozialpaket-fuer-die-bundespolizei","status":"publish","type":"post","link":"https:\/\/kg-bundesbank.gdpbundespolizeikoblenz.de\/?p=1878","title":{"rendered":"GdP fordert von Minister Seehofer ein \u201eSozialpaket\u201c f\u00fcr die Bundespolizei"},"content":{"rendered":"<p>Die Gewerkschaft der Polizei (GdP), Bezirk Bundespolizei, fordert anl\u00e4sslich des heutigen Besuchs von Bundesinnenminister Horst Seehofer beim Bundespolizeipr\u00e4sidium in Potsdam ein \u201eSozialpaket f\u00fcr die Bundespolizei\u201c.<\/p>\n<p>\u201eWir freuen uns sehr \u00fcber den Besuch des Ministers, bei dem er sich unter anderem von der Arbeit unserer Einsatzkr\u00e4fte der Bereitschaftspolizei, der BFE+ und der Einsatzmittel der Bundespolizei ein Bild machen wird. Das ist ein Zeichen der Wertsch\u00e4tzung f\u00fcr unsere Kolleginnen und Kollegen\u201c, so J\u00f6rg Radek, Vorsitzender der GdP in der Bundespolizei.<\/p>\n<p>Die GdP pocht aber auch auf die Umsetzung der Beschl\u00fcsse aus dem Koalitionsvertrag. Dort wurde zugesagt, die Bundespolizei in ihren bestehenden Aufgaben (z.B. Grenzschutz oder Sicherheit der Bahnanlagen, Bundesbereitschaftspolizei) weiter st\u00e4rken zu wollen.<\/p>\n<p>\u201eWir m\u00f6chten die Gelegenheit des Besuchs daher nutzen, den Bundesinnenminister an dieses Versprechen zu erinnern. Trotz der Bem\u00fchungen der vergangenen Jahre hat die Bundespolizei nach wie vor eklatante Personaldefizite. Au\u00dferdem gilt es, die Besch\u00e4ftigten zu entlasten. Daf\u00fcr haben wir in unserem Sozialpaket konkrete und schnell umsetzbare Vorschl\u00e4ge gemacht\u201c, so Radek.<\/p>\n<p>Die Gewerkschaft fordert unter anderem einen Kaufkraftausgleich f\u00fcr Besch\u00e4ftigte mit niedrigen Einkommen in Hochpreisregionen, die Erstattung von Betreuungskosten f\u00fcr Kinder und Angeh\u00f6rige bei ausw\u00e4rtigen Eins\u00e4tzen oder \u00dcbungen und eine faire Arbeitszeitregelung f\u00fcr Ruhepausen von Einsatzkr\u00e4ften.<\/p>\n<p>Es ist der erste Besuch von Horst Seehofer beim Bundespolizeipr\u00e4sidium seit seinem Amtsantritt als Bundesinnenminister. Er wird begleitet vom brandenburgischen Ministerpr\u00e4sidenten Dr. Dietmar Woidke.<\/p>\n<p><a class=\"a2a_dd addtoany_share_save addtoany_share\" href=\"https:\/\/www.addtoany.com\/share#url=http%3A%2F%2Fwww.gdpbundespolizei.de%2F2018%2F05%2Fgdp-fordert-von-minister-seehofer-ein-sozialpaket-fuer-die-bundespolizei%2F&amp;title=GdP%20fordert%20von%20Minister%20Seehofer%20ein%20%E2%80%9ESozialpaket%E2%80%9C%20f%C3%BCr%20die%20Bundespolizei\"><img decoding=\"async\" src=\"http:\/\/gdpbundespolizeikoblenz.de\/wp-content\/uploads\/2018\/05\/favicon-7.png\" alt=\"Share\" \/><\/a><\/p>\n<p>Source: RSS aus GdP Bundespolizei<\/p>\n","protected":false},"excerpt":{"rendered":"<p>Die Gewerkschaft der Polizei (GdP), Bezirk Bundespolizei, fordert anl\u00e4sslich des heutigen Besuchs von Bundesinnenminister Horst Seehofer beim Bundespolizeipr\u00e4sidium in Potsdam ein \u201eSozialpaket f\u00fcr die Bundespolizei\u201c. \u201eWir freuen uns sehr \u00fcber den Besuch des Ministers, bei dem er sich unter anderem <a class=\"more-link\" href=\"https:\/\/kg-bundesbank.gdpbundespolizeikoblenz.de\/?p=1878\">Continue Reading<span class=\"screen-reader-text\">GdP fordert von Minister Seehofer ein \u201eSozialpaket\u201c f\u00fcr die Bundespolizei<\/span><span class=\"meta-nav\">&rarr;<\/span><\/a><\/p>\n","protected":false},"author":1,"featured_media":0,"comment_status":"closed","ping_status":"open","sticky":false,"template":"","format":"standard","meta":{"footnotes":""},"categories":[9],"tags":[],"class_list":["post-1878","post","type-post","status-publish","format-standard","hentry","category-allgemein"],"_links":{"self":[{"href":"https:\/\/kg-bundesbank.gdpbundespolizeikoblenz.de\/index.php?rest_route=\/wp\/v2\/posts\/1878","targetHints":{"allow":["GET"]}}],"collection":[{"href":"https:\/\/kg-bundesbank.gdpbundespolizeikoblenz.de\/index.php?rest_route=\/wp\/v2\/posts"}],"about":[{"href":"https:\/\/kg-bundesbank.gdpbundespolizeikoblenz.de\/index.php?rest_route=\/wp\/v2\/types\/post"}],"author":[{"embeddable":true,"href":"https:\/\/kg-bundesbank.gdpbundespolizeikoblenz.de\/index.php?rest_route=\/wp\/v2\/users\/1"}],"replies":[{"embeddable":true,"href":"https:\/\/kg-bundesbank.gdpbundespolizeikoblenz.de\/index.php?rest_route=%2Fwp%2Fv2%2Fcomments&post=1878"}],"version-history":[{"count":1,"href":"https:\/\/kg-bundesbank.gdpbundespolizeikoblenz.de\/index.php?rest_route=\/wp\/v2\/posts\/1878\/revisions"}],"predecessor-version":[{"id":1879,"href":"https:\/\/kg-bundesbank.gdpbundespolizeikoblenz.de\/index.php?rest_route=\/wp\/v2\/posts\/1878\/revisions\/1879"}],"wp:attachment":[{"href":"https:\/\/kg-bundesbank.gdpbundespolizeikoblenz.de\/index.php?rest_route=%2Fwp%2Fv2%2Fmedia&parent=1878"}],"wp:term":[{"taxonomy":"category","embeddable":true,"href":"https:\/\/kg-bundesbank.gdpbundespolizeikoblenz.de\/index.php?rest_route=%2Fwp%2Fv2%2Fcategories&post=1878"},{"taxonomy":"post_tag","embeddable":true,"href":"https:\/\/kg-bundesbank.gdpbundespolizeikoblenz.de\/index.php?rest_route=%2Fwp%2Fv2%2Ftags&post=1878"}],"curies":[{"name":"wp","href":"https:\/\/api.w.org\/{rel}","templated":true}]}}