{"id":1730,"date":"2017-04-18T14:26:25","date_gmt":"2017-04-18T12:26:25","guid":{"rendered":"http:\/\/kg-bundesbank.gdpbundespolizeikoblenz.de\/?p=1730"},"modified":"2017-05-06T17:03:39","modified_gmt":"2017-05-06T15:03:39","slug":"gdp-fordert-klares-signal-der-politik-endlich-wochenarbeitszeit-reduzieren","status":"publish","type":"post","link":"https:\/\/kg-bundesbank.gdpbundespolizeikoblenz.de\/?p=1730","title":{"rendered":"GdP fordert klares Signal der Politik: Endlich Wochenarbeitszeit reduzieren!"},"content":{"rendered":"<p><img loading=\"lazy\" decoding=\"async\" class=\"alignleft wp-image-9852\" src=\"http:\/\/gdpbundespolizeikoblenz.de\/wp-content\/uploads\/2017\/04\/2015_GdP_Arbeitszeitlogo-300x259.jpg\" alt=\"\" width=\"158\" height=\"136\" \/>In den letzten Jahren haben wir immer wieder auf die starke \u00dcberlastung der Bundespolizistinnen und -polizisten hingewiesen. Erst im M\u00e4rz diesen Jahres hat die GdP alle Bundestagsfraktionen angeschrieben und darauf hingewiesen, dass gerade auch die hohe Wochenarbeitszeit unsere Kolleginnen und Kollegen extrem belastet. Wir erkennen zwar an, dass die geplanten und bereits durchgef\u00fchrten zus\u00e4tzlichen Neueinstellungen zu einer Entlastung der Gesamtsituation beitragen k\u00f6nnen. Die GdP hatte sich vehement f\u00fcr die Aufstockung der Personalkapazit\u00e4ten der Bundespolizei eingesetzt, um f\u00fcr aktuelle und zuk\u00fcnftige Herausforderungen besser gewappnet zu sein und die Belastung in der Bundespolizei zu reduzieren.<\/p>\n<p>Es bleibt aber weiterhin die hohe pers\u00f6nliche Belastung durch die Erh\u00f6hung der Wochenarbeitszeit und eine hohe Zahl der \u00dcberstunden.<\/p>\n<p>Unser Schreiben hat die Fraktion B\u00fcndnis90\/Die Gr\u00fcnen zum Anlass genommen, um in einer kleinen Anfrage nach der aktuellen \u00dcberlastungssituation in der Bundespolizei zu fragen.<\/p>\n<p><span id=\"more-12854\"><\/span>Die Antworten sind bemerkenswert. Sie belegen die hohen \u00dcberstundenzahlen der Beamtinnen und Beamten und zeigen einen durchg\u00e4ngig hohen Krankenstand, der in den Bundespolizeidirektionen zwischen 9-13% liegt. Aus Sicht der GdP hat dieser Krankenstand seine Ursache zu gro\u00dfen Teilen in den hohen Belastungen f\u00fcr K\u00f6rper und Psyche, denen unsere Kolleginnen und Kollegen dauerhaft ausgesetzt sind. Wir sehen zwischen der 2006 eingef\u00fchrten Erh\u00f6hung der w\u00f6chentlichen Arbeitszeit der Beamten, die zu massiven Planstellenstreichungen f\u00fchrte und der Entwicklung der Krankenst\u00e4nde einen deutlichen Zusammenhang.<\/p>\n<p>J\u00f6rg Radek, Vorsitzender der GdP f\u00fcr die Bundespolizei bekr\u00e4ftigte daher seinen Appell an die Politik: \u201cEs w\u00e4re ein richtiges und wichtiges Signal an die Kolleginnen und Kollegen, wenn die Fraktion sich f\u00fcr eine Reduzierung der w\u00f6chentlichen Arbeitszeit der Bundespolizistinnen und Bundespolizisten einsetzen w\u00fcrden. Dies w\u00e4re ein starkes Signal der Anerkennung der Einsatzbereitschaft der Beamten in den zur\u00fcckliegenden Jahren und ein positives Zeichen, Abhilfe in der jetzigen Belastungskrise zu schaffen.\u201c Die GdP werde, so Radek weiter, bei diesem Thema nicht locker lassen.<\/p>\n<p><img decoding=\"async\" src=\"http:\/\/gdpbundespolizeikoblenz.de\/wp-content\/uploads\/2017\/04\/pdf.png\" alt=\"pdf\" width=\"20\" \/>\u00a0<a href=\"http:\/\/www.gdpbundespolizei.de\/wp-content\/uploads\/2017\/04\/Personalplanung-und-aktuelle-Lage-bei-der-Bundespolizei.pdf\" target=\"_blank\" rel=\"noopener noreferrer\">Personalplanung und aktuelle Lage bei der Bundespolizei<\/a><\/p>\n<p><a class=\"a2a_dd addtoany_share_save\" href=\"https:\/\/www.addtoany.com\/share#url=http%3A%2F%2Fwww.gdpbundespolizei.de%2F2017%2F04%2Fgdp-fordert-klares-signal-der-politik-endlich-wochenarbeitszeit-reduzieren%2F&amp;title=GdP%20fordert%20klares%20Signal%20der%20Politik%3A%20Endlich%20Wochenarbeitszeit%20reduzieren%21\">&#8230;<\/a><br \/>\nSource: RSS aus GdP Bundespolizei<\/p>\n","protected":false},"excerpt":{"rendered":"<p>In den letzten Jahren haben wir immer wieder auf die starke \u00dcberlastung der Bundespolizistinnen und -polizisten hingewiesen. Erst im M\u00e4rz diesen Jahres hat die GdP alle Bundestagsfraktionen angeschrieben und darauf hingewiesen, dass gerade auch die hohe Wochenarbeitszeit unsere Kolleginnen und <a class=\"more-link\" href=\"https:\/\/kg-bundesbank.gdpbundespolizeikoblenz.de\/?p=1730\">Continue Reading<span class=\"screen-reader-text\">GdP fordert klares Signal der Politik: Endlich Wochenarbeitszeit reduzieren!<\/span><span class=\"meta-nav\">&rarr;<\/span><\/a><\/p>\n","protected":false},"author":1,"featured_media":1732,"comment_status":"closed","ping_status":"open","sticky":false,"template":"","format":"standard","meta":{"footnotes":""},"categories":[10],"tags":[],"class_list":["post-1730","post","type-post","status-publish","format-standard","has-post-thumbnail","hentry","category-arbeitszeit"],"_links":{"self":[{"href":"https:\/\/kg-bundesbank.gdpbundespolizeikoblenz.de\/index.php?rest_route=\/wp\/v2\/posts\/1730","targetHints":{"allow":["GET"]}}],"collection":[{"href":"https:\/\/kg-bundesbank.gdpbundespolizeikoblenz.de\/index.php?rest_route=\/wp\/v2\/posts"}],"about":[{"href":"https:\/\/kg-bundesbank.gdpbundespolizeikoblenz.de\/index.php?rest_route=\/wp\/v2\/types\/post"}],"author":[{"embeddable":true,"href":"https:\/\/kg-bundesbank.gdpbundespolizeikoblenz.de\/index.php?rest_route=\/wp\/v2\/users\/1"}],"replies":[{"embeddable":true,"href":"https:\/\/kg-bundesbank.gdpbundespolizeikoblenz.de\/index.php?rest_route=%2Fwp%2Fv2%2Fcomments&post=1730"}],"version-history":[{"count":1,"href":"https:\/\/kg-bundesbank.gdpbundespolizeikoblenz.de\/index.php?rest_route=\/wp\/v2\/posts\/1730\/revisions"}],"predecessor-version":[{"id":1731,"href":"https:\/\/kg-bundesbank.gdpbundespolizeikoblenz.de\/index.php?rest_route=\/wp\/v2\/posts\/1730\/revisions\/1731"}],"wp:featuredmedia":[{"embeddable":true,"href":"https:\/\/kg-bundesbank.gdpbundespolizeikoblenz.de\/index.php?rest_route=\/wp\/v2\/media\/1732"}],"wp:attachment":[{"href":"https:\/\/kg-bundesbank.gdpbundespolizeikoblenz.de\/index.php?rest_route=%2Fwp%2Fv2%2Fmedia&parent=1730"}],"wp:term":[{"taxonomy":"category","embeddable":true,"href":"https:\/\/kg-bundesbank.gdpbundespolizeikoblenz.de\/index.php?rest_route=%2Fwp%2Fv2%2Fcategories&post=1730"},{"taxonomy":"post_tag","embeddable":true,"href":"https:\/\/kg-bundesbank.gdpbundespolizeikoblenz.de\/index.php?rest_route=%2Fwp%2Fv2%2Ftags&post=1730"}],"curies":[{"name":"wp","href":"https:\/\/api.w.org\/{rel}","templated":true}]}}